{"id":1745,"date":"2023-09-29T13:57:46","date_gmt":"2023-09-29T13:57:46","guid":{"rendered":"https:\/\/nangina.de\/?p=1745"},"modified":"2023-09-29T14:04:10","modified_gmt":"2023-09-29T14:04:10","slug":"john-paul-jjumba-zu-besuch-beim-nangina-e-v","status":"publish","type":"post","link":"https:\/\/nangina.de\/index.php\/2023\/09\/29\/john-paul-jjumba-zu-besuch-beim-nangina-e-v\/","title":{"rendered":"John Paul Jjumba zu Besuch beim Nangina e.V."},"content":{"rendered":"\n<p>Am 14. August 2023 hat uns Father John Paul Jjumba, der Leiter der <a href=\"https:\/\/nangina.de\/index.php\/julina-memorial-school-gehoerlosenschule-in-mityana-uganda\/\" data-type=\"URL\" data-id=\"https:\/\/nangina.de\/index.php\/julina-memorial-school-gehoerlosenschule-in-mityana-uganda\/\" target=\"_blank\" rel=\"noreferrer noopener\">Julina Memorial School<\/a> in Mityana, Uganda, in unserem Hauptquartier in Witten-R\u00fcdinghausen besucht. Bei Kaffee und Kuchen zeigte er uns die neuesten Fotos aus der Geh\u00f6rlosenschule und referierte \u00fcber die aktuellen Fortschitte des Projektes. <\/p>\n\n\n\n<figure class=\"wp-block-image size-large\"><img loading=\"lazy\" decoding=\"async\" width=\"1024\" height=\"768\" src=\"https:\/\/nangina.de\/wp-content\/uploads\/2023\/09\/Gruppenfoto-mit-John-Paul-Jjumba-2023-08-14-1024x768.jpeg\" alt=\"\" class=\"wp-image-1746\" srcset=\"https:\/\/nangina.de\/wp-content\/uploads\/2023\/09\/Gruppenfoto-mit-John-Paul-Jjumba-2023-08-14-1024x768.jpeg 1024w, https:\/\/nangina.de\/wp-content\/uploads\/2023\/09\/Gruppenfoto-mit-John-Paul-Jjumba-2023-08-14-300x225.jpeg 300w, https:\/\/nangina.de\/wp-content\/uploads\/2023\/09\/Gruppenfoto-mit-John-Paul-Jjumba-2023-08-14-768x576.jpeg 768w, https:\/\/nangina.de\/wp-content\/uploads\/2023\/09\/Gruppenfoto-mit-John-Paul-Jjumba-2023-08-14.jpeg 1280w\" sizes=\"auto, (max-width: 1024px) 100vw, 1024px\" \/><\/figure>\n","protected":false},"excerpt":{"rendered":"<p>Am 14. August 2023 hat uns Father John Paul Jjumba, der Leiter der Julina Memorial School in Mityana, Uganda, in unserem Hauptquartier in Witten-R\u00fcdinghausen besucht. Bei Kaffee und Kuchen zeigte &#8230;<\/p>\n","protected":false},"author":8,"featured_media":1746,"comment_status":"closed","ping_status":"closed","sticky":false,"template":"","format":"standard","meta":{"footnotes":""},"categories":[15],"tags":[52,51,50,28,26],"class_list":["post-1745","post","type-post","status-publish","format-standard","has-post-thumbnail","hentry","category-julina-memorial-school-gehoerlosenschule-in-mityana-uganda","tag-bericht","tag-besuch","tag-gehoerlosenschule","tag-projekt","tag-uganda"],"_links":{"self":[{"href":"https:\/\/nangina.de\/index.php\/wp-json\/wp\/v2\/posts\/1745","targetHints":{"allow":["GET"]}}],"collection":[{"href":"https:\/\/nangina.de\/index.php\/wp-json\/wp\/v2\/posts"}],"about":[{"href":"https:\/\/nangina.de\/index.php\/wp-json\/wp\/v2\/types\/post"}],"author":[{"embeddable":true,"href":"https:\/\/nangina.de\/index.php\/wp-json\/wp\/v2\/users\/8"}],"replies":[{"embeddable":true,"href":"https:\/\/nangina.de\/index.php\/wp-json\/wp\/v2\/comments?post=1745"}],"version-history":[{"count":3,"href":"https:\/\/nangina.de\/index.php\/wp-json\/wp\/v2\/posts\/1745\/revisions"}],"predecessor-version":[{"id":1752,"href":"https:\/\/nangina.de\/index.php\/wp-json\/wp\/v2\/posts\/1745\/revisions\/1752"}],"wp:featuredmedia":[{"embeddable":true,"href":"https:\/\/nangina.de\/index.php\/wp-json\/wp\/v2\/media\/1746"}],"wp:attachment":[{"href":"https:\/\/nangina.de\/index.php\/wp-json\/wp\/v2\/media?parent=1745"}],"wp:term":[{"taxonomy":"category","embeddable":true,"href":"https:\/\/nangina.de\/index.php\/wp-json\/wp\/v2\/categories?post=1745"},{"taxonomy":"post_tag","embeddable":true,"href":"https:\/\/nangina.de\/index.php\/wp-json\/wp\/v2\/tags?post=1745"}],"curies":[{"name":"wp","href":"https:\/\/api.w.org\/{rel}","templated":true}]}}